{"id":5617,"date":"2023-02-25T11:31:40","date_gmt":"2023-02-25T10:31:40","guid":{"rendered":"https:\/\/huescadrones.es\/hddrones\/?p=5617"},"modified":"2023-09-24T09:34:00","modified_gmt":"2023-09-24T07:34:00","slug":"volar-drones-en-el-espacio-aereo-protegido-espanol","status":"publish","type":"post","link":"https:\/\/huescadrones.es\/hddrones\/volar-drones-en-el-espacio-aereo-protegido-espanol\/","title":{"rendered":"Volar drones en el espacio a\u00e9reo protegido espa\u00f1ol"},"content":{"rendered":"<ul>\n<li>\n<blockquote><p><span class=\"yt-core-attributed-string yt-core-attributed-string--white-space-pre-wrap\"><span class=\"yt-core-attributed-string--link-inherit-color\"><strong>Que se necesita para volar en ATZ,CTR :<\/strong> MANUAL DE OPERACIONES, DECLARACION DE OPERACION, SER OPERADOR Y ESTAR EN POSESION DE LOS CERTIFICADOS DE PILOTO Y RADIOFONISTA, AGREGAR TUS DRONES Y REGISTRARLOS EN AESA, EAROS CORRESPONDIENTES AL AEREA DE VUELO, SEGURO RESPONSABILIDAD CIVIL, COORDINACION CON AEROPUERTO ASI COMO HELIPUERTOS, COMUNICACION AL MINISTERIO DEL INTERIOR, PERMISO DEL EJERCITO EN DIFERENTES ZONAS, PLAN DE VUELO ANTES DEL MISMO Y POR ULTIMO OBERVAR SI SE NECESITA ALGUN PERMISO POR ZONAS ZEPAS O PARQUES <\/span><\/span><span class=\"yt-core-attributed-string yt-core-attributed-string--white-space-pre-wrap\"><span class=\"yt-core-attributed-string--link-inherit-color\">NATURALES.<\/span><\/span><\/p><\/blockquote>\n<\/li>\n<li><\/li>\n<li><iframe loading=\"lazy\" title=\"QUE NECESITAS PARA VOLAR UN DRON EN CTR Y ATZ  CIUDAD, AEROPUERTO\" width=\"1170\" height=\"658\" src=\"https:\/\/www.youtube.com\/embed\/9GBzcg4H5fA?feature=oembed\" frameborder=\"0\" allow=\"accelerometer; autoplay; clipboard-write; encrypted-media; gyroscope; picture-in-picture; web-share\" allowfullscreen><\/iframe><\/li>\n<\/ul>\n<blockquote><p>Para volar drones en el espacio a\u00e9reo protegido espa\u00f1ol, hay varias leyes y regulaciones que deben seguirse tanto a nivel europeo como espa\u00f1ol a fecha 25\/02\/2023. Algunas de estas leyes y regulaciones son:<\/p><\/blockquote>\n<p>&nbsp;<\/p>\n<ul>\n<li>Regulaci\u00f3n europea de drones: Desde diciembre de 2020, la Uni\u00f3n Europea tiene una regulaci\u00f3n \u00fanica para el uso de drones en toda Europa. Esta regulaci\u00f3n establece los requisitos y procedimientos para el registro de drones, las certificaciones para los operadores de drones y las normas de seguridad que se deben cumplir al volar un dron.<\/li>\n<\/ul>\n<p>&nbsp;<\/p>\n<ul>\n<li>Real Decreto 1036\/2017: Esta normativa espa\u00f1ola establece las condiciones para la utilizaci\u00f3n civil de las aeronaves pilotadas por control remoto y regula la formaci\u00f3n de pilotos y la habilitaci\u00f3n de aeronaves.<\/li>\n<\/ul>\n<p>&nbsp;<\/p>\n<ul>\n<li>Ley de Navegaci\u00f3n A\u00e9rea: Esta ley espa\u00f1ola establece las normas y requisitos de seguridad en el espacio a\u00e9reo espa\u00f1ol, incluyendo los requisitos para la autorizaci\u00f3n de vuelos en zonas restringidas, la autorizaci\u00f3n para vuelos nocturnos y las normas de distancia y altura que deben cumplirse al volar un dron.<\/li>\n<\/ul>\n<p>&nbsp;<\/p>\n<ul>\n<li>Regulaci\u00f3n de la Agencia Estatal de Seguridad A\u00e9rea (AESA): La AESA es la autoridad espa\u00f1ola encargada de regular y controlar la seguridad en la aviaci\u00f3n civil. Esta agencia establece las regulaciones espec\u00edficas para la operaci\u00f3n de drones en Espa\u00f1a, incluyendo las normas de seguridad y los procedimientos de autorizaci\u00f3n para volar drones en zonas restringidas.<\/li>\n<\/ul>\n<p>&nbsp;<\/p>\n<p>Es importante tener en cuenta que estas leyes y regulaciones est\u00e1n en constante evoluci\u00f3n, por lo que es necesario estar actualizado sobre los cambios en la normativa para poder volar un dron de manera segura y legal en Espa\u00f1a.<\/p>\n<p>&nbsp;<\/p>\n","protected":false},"excerpt":{"rendered":"<p>Que se necesita para volar en ATZ,CTR : MANUAL DE OPERACIONES, DECLARACION DE OPERACION, SER OPERADOR Y ESTAR EN POSESION DE LOS CERTIFICADOS DE PILOTO Y RADIOFONISTA, AGREGAR TUS DRONES Y REGISTRARLOS EN AESA, EAROS CORRESPONDIENTES AL AEREA DE VUELO, SEGURO RESPONSABILIDAD CIVIL, COORDINACION CON AEROPUERTO ASI COMO HELIPUERTOS, COMUNICACION AL MINISTERIO DEL INTERIOR, PERMISO [&hellip;]<\/p>\n","protected":false},"author":3,"featured_media":5618,"comment_status":"closed","ping_status":"open","sticky":false,"template":"","format":"standard","meta":{"_jetpack_memberships_contains_paid_content":false,"footnotes":""},"categories":[107],"tags":[],"class_list":{"0":"post-5617","1":"post","2":"type-post","3":"status-publish","4":"format-standard","5":"has-post-thumbnail","7":"category-noticias","8":"czr-hentry"},"yoast_head":"<!-- This site is optimized with the Yoast SEO plugin v27.5 - https:\/\/yoast.com\/product\/yoast-seo-wordpress\/ -->\n<title>Volar drones en el espacio a\u00e9reo protegido espa\u00f1ol * HD Drones<\/title>\n<meta name=\"description\" content=\"Es importante tener en cuenta que estas leyes y regulaciones est\u00e1n en constante evoluci\u00f3n tanto a nivel europeo como espa\u00f1ol.\" \/>\n<meta name=\"robots\" content=\"index, follow, max-snippet:-1, max-image-preview:large, max-video-preview:-1\" \/>\n<link rel=\"canonical\" href=\"https:\/\/huescadrones.es\/hddrones\/volar-drones-en-el-espacio-aereo-protegido-espanol\/\" \/>\n<meta property=\"og:locale\" content=\"es_ES\" \/>\n<meta property=\"og:type\" content=\"article\" \/>\n<meta property=\"og:title\" content=\"Volar drones en el espacio a\u00e9reo protegido espa\u00f1ol * HD Drones\" \/>\n<meta property=\"og:description\" content=\"Es importante tener en cuenta que estas leyes y regulaciones est\u00e1n en constante evoluci\u00f3n tanto a nivel europeo como espa\u00f1ol.\" \/>\n<meta property=\"og:url\" content=\"https:\/\/huescadrones.es\/hddrones\/volar-drones-en-el-espacio-aereo-protegido-espanol\/\" \/>\n<meta property=\"og:site_name\" content=\"HD Drones\" \/>\n<meta property=\"article:publisher\" content=\"https:\/\/www.facebook.com\/DronesHuesca\/\" \/>\n<meta property=\"article:published_time\" content=\"2023-02-25T10:31:40+00:00\" \/>\n<meta property=\"article:modified_time\" content=\"2023-09-24T07:34:00+00:00\" \/>\n<meta property=\"og:image\" content=\"https:\/\/huescadrones.es\/hddrones\/wp-content\/uploads\/2023\/02\/Leyes-drones-espana-1024x576.png\" \/>\n\t<meta property=\"og:image:width\" content=\"1024\" \/>\n\t<meta property=\"og:image:height\" content=\"576\" \/>\n\t<meta property=\"og:image:type\" content=\"image\/png\" \/>\n<meta name=\"author\" content=\"Alfredo\" \/>\n<meta name=\"twitter:card\" content=\"summary_large_image\" \/>\n<meta name=\"twitter:creator\" content=\"@Leoword\" \/>\n<meta name=\"twitter:site\" content=\"@Leoword\" \/>\n<meta name=\"twitter:label1\" content=\"Escrito por\" \/>\n\t<meta name=\"twitter:data1\" content=\"Alfredo\" \/>\n\t<meta name=\"twitter:label2\" content=\"Tiempo de lectura\" \/>\n\t<meta name=\"twitter:data2\" content=\"2 minutos\" \/>\n<script type=\"application\/ld+json\" class=\"yoast-schema-graph\">{\"@context\":\"https:\\\/\\\/schema.org\",\"@graph\":[{\"@type\":\"Article\",\"@id\":\"https:\\\/\\\/huescadrones.es\\\/hddrones\\\/volar-drones-en-el-espacio-aereo-protegido-espanol\\\/#article\",\"isPartOf\":{\"@id\":\"https:\\\/\\\/huescadrones.es\\\/hddrones\\\/volar-drones-en-el-espacio-aereo-protegido-espanol\\\/\"},\"author\":{\"name\":\"Alfredo\",\"@id\":\"https:\\\/\\\/huescadrones.es\\\/hddrones\\\/#\\\/schema\\\/person\\\/5237e9e8b60a4f4cb8ae02e7254b1c13\"},\"headline\":\"Volar drones en el espacio a\u00e9reo protegido espa\u00f1ol\",\"datePublished\":\"2023-02-25T10:31:40+00:00\",\"dateModified\":\"2023-09-24T07:34:00+00:00\",\"mainEntityOfPage\":{\"@id\":\"https:\\\/\\\/huescadrones.es\\\/hddrones\\\/volar-drones-en-el-espacio-aereo-protegido-espanol\\\/\"},\"wordCount\":396,\"publisher\":{\"@id\":\"https:\\\/\\\/huescadrones.es\\\/hddrones\\\/#organization\"},\"image\":{\"@id\":\"https:\\\/\\\/huescadrones.es\\\/hddrones\\\/volar-drones-en-el-espacio-aereo-protegido-espanol\\\/#primaryimage\"},\"thumbnailUrl\":\"https:\\\/\\\/huescadrones.es\\\/hddrones\\\/wp-content\\\/uploads\\\/2023\\\/02\\\/Leyes-drones-espana.png\",\"articleSection\":[\"Noticias\"],\"inLanguage\":\"es\"},{\"@type\":\"WebPage\",\"@id\":\"https:\\\/\\\/huescadrones.es\\\/hddrones\\\/volar-drones-en-el-espacio-aereo-protegido-espanol\\\/\",\"url\":\"https:\\\/\\\/huescadrones.es\\\/hddrones\\\/volar-drones-en-el-espacio-aereo-protegido-espanol\\\/\",\"name\":\"Volar drones en el espacio a\u00e9reo protegido espa\u00f1ol * HD Drones\",\"isPartOf\":{\"@id\":\"https:\\\/\\\/huescadrones.es\\\/hddrones\\\/#website\"},\"primaryImageOfPage\":{\"@id\":\"https:\\\/\\\/huescadrones.es\\\/hddrones\\\/volar-drones-en-el-espacio-aereo-protegido-espanol\\\/#primaryimage\"},\"image\":{\"@id\":\"https:\\\/\\\/huescadrones.es\\\/hddrones\\\/volar-drones-en-el-espacio-aereo-protegido-espanol\\\/#primaryimage\"},\"thumbnailUrl\":\"https:\\\/\\\/huescadrones.es\\\/hddrones\\\/wp-content\\\/uploads\\\/2023\\\/02\\\/Leyes-drones-espana.png\",\"datePublished\":\"2023-02-25T10:31:40+00:00\",\"dateModified\":\"2023-09-24T07:34:00+00:00\",\"description\":\"Es importante tener en cuenta que estas leyes y regulaciones est\u00e1n en constante evoluci\u00f3n tanto a nivel europeo como espa\u00f1ol.\",\"breadcrumb\":{\"@id\":\"https:\\\/\\\/huescadrones.es\\\/hddrones\\\/volar-drones-en-el-espacio-aereo-protegido-espanol\\\/#breadcrumb\"},\"inLanguage\":\"es\",\"potentialAction\":[{\"@type\":\"ReadAction\",\"target\":[\"https:\\\/\\\/huescadrones.es\\\/hddrones\\\/volar-drones-en-el-espacio-aereo-protegido-espanol\\\/\"]}]},{\"@type\":\"ImageObject\",\"inLanguage\":\"es\",\"@id\":\"https:\\\/\\\/huescadrones.es\\\/hddrones\\\/volar-drones-en-el-espacio-aereo-protegido-espanol\\\/#primaryimage\",\"url\":\"https:\\\/\\\/huescadrones.es\\\/hddrones\\\/wp-content\\\/uploads\\\/2023\\\/02\\\/Leyes-drones-espana.png\",\"contentUrl\":\"https:\\\/\\\/huescadrones.es\\\/hddrones\\\/wp-content\\\/uploads\\\/2023\\\/02\\\/Leyes-drones-espana.png\",\"width\":1920,\"height\":1080},{\"@type\":\"BreadcrumbList\",\"@id\":\"https:\\\/\\\/huescadrones.es\\\/hddrones\\\/volar-drones-en-el-espacio-aereo-protegido-espanol\\\/#breadcrumb\",\"itemListElement\":[{\"@type\":\"ListItem\",\"position\":1,\"name\":\"Portada\",\"item\":\"https:\\\/\\\/huescadrones.es\\\/hddrones\\\/\"},{\"@type\":\"ListItem\",\"position\":2,\"name\":\"Volar drones en el espacio a\u00e9reo protegido espa\u00f1ol\"}]},{\"@type\":\"WebSite\",\"@id\":\"https:\\\/\\\/huescadrones.es\\\/hddrones\\\/#website\",\"url\":\"https:\\\/\\\/huescadrones.es\\\/hddrones\\\/\",\"name\":\"HD Drones\",\"description\":\"Instructores en Arag\u00f3n, ATO 238\",\"publisher\":{\"@id\":\"https:\\\/\\\/huescadrones.es\\\/hddrones\\\/#organization\"},\"potentialAction\":[{\"@type\":\"SearchAction\",\"target\":{\"@type\":\"EntryPoint\",\"urlTemplate\":\"https:\\\/\\\/huescadrones.es\\\/hddrones\\\/?s={search_term_string}\"},\"query-input\":{\"@type\":\"PropertyValueSpecification\",\"valueRequired\":true,\"valueName\":\"search_term_string\"}}],\"inLanguage\":\"es\"},{\"@type\":\"Organization\",\"@id\":\"https:\\\/\\\/huescadrones.es\\\/hddrones\\\/#organization\",\"name\":\"HD Drones\",\"url\":\"https:\\\/\\\/huescadrones.es\\\/hddrones\\\/\",\"logo\":{\"@type\":\"ImageObject\",\"inLanguage\":\"es\",\"@id\":\"https:\\\/\\\/huescadrones.es\\\/hddrones\\\/#\\\/schema\\\/logo\\\/image\\\/\",\"url\":\"https:\\\/\\\/huescadrones.es\\\/hddrones\\\/wp-content\\\/uploads\\\/2015\\\/12\\\/logovideo.png\",\"contentUrl\":\"https:\\\/\\\/huescadrones.es\\\/hddrones\\\/wp-content\\\/uploads\\\/2015\\\/12\\\/logovideo.png\",\"width\":50,\"height\":50,\"caption\":\"HD Drones\"},\"image\":{\"@id\":\"https:\\\/\\\/huescadrones.es\\\/hddrones\\\/#\\\/schema\\\/logo\\\/image\\\/\"},\"sameAs\":[\"https:\\\/\\\/www.facebook.com\\\/DronesHuesca\\\/\",\"https:\\\/\\\/x.com\\\/Leoword\",\"https:\\\/\\\/www.instagram.com\\\/alfredoclaver\\\/\",\"https:\\\/\\\/www.linkedin.com\\\/in\\\/alfredo-claver-turiegano-a1466128\\\/\",\"https:\\\/\\\/es.pinterest.com\\\/cuentamelo\\\/huesca-drones\\\/\",\"https:\\\/\\\/www.youtube.com\\\/channel\\\/UCIz564ElJKwd7IigIs3CWhg\"]},{\"@type\":\"Person\",\"@id\":\"https:\\\/\\\/huescadrones.es\\\/hddrones\\\/#\\\/schema\\\/person\\\/5237e9e8b60a4f4cb8ae02e7254b1c13\",\"name\":\"Alfredo\",\"image\":{\"@type\":\"ImageObject\",\"inLanguage\":\"es\",\"@id\":\"https:\\\/\\\/secure.gravatar.com\\\/avatar\\\/026efd8a211e743ff6f1e07411ad87a9e9955a8131792c4ccd1ce4cfd3f86b3c?s=96&d=mm&r=g\",\"url\":\"https:\\\/\\\/secure.gravatar.com\\\/avatar\\\/026efd8a211e743ff6f1e07411ad87a9e9955a8131792c4ccd1ce4cfd3f86b3c?s=96&d=mm&r=g\",\"contentUrl\":\"https:\\\/\\\/secure.gravatar.com\\\/avatar\\\/026efd8a211e743ff6f1e07411ad87a9e9955a8131792c4ccd1ce4cfd3f86b3c?s=96&d=mm&r=g\",\"caption\":\"Alfredo\"}}]}<\/script>\n<!-- \/ Yoast SEO plugin. -->","yoast_head_json":{"title":"Volar drones en el espacio a\u00e9reo protegido espa\u00f1ol * HD Drones","description":"Es importante tener en cuenta que estas leyes y regulaciones est\u00e1n en constante evoluci\u00f3n tanto a nivel europeo como espa\u00f1ol.","robots":{"index":"index","follow":"follow","max-snippet":"max-snippet:-1","max-image-preview":"max-image-preview:large","max-video-preview":"max-video-preview:-1"},"canonical":"https:\/\/huescadrones.es\/hddrones\/volar-drones-en-el-espacio-aereo-protegido-espanol\/","og_locale":"es_ES","og_type":"article","og_title":"Volar drones en el espacio a\u00e9reo protegido espa\u00f1ol * HD Drones","og_description":"Es importante tener en cuenta que estas leyes y regulaciones est\u00e1n en constante evoluci\u00f3n tanto a nivel europeo como espa\u00f1ol.","og_url":"https:\/\/huescadrones.es\/hddrones\/volar-drones-en-el-espacio-aereo-protegido-espanol\/","og_site_name":"HD Drones","article_publisher":"https:\/\/www.facebook.com\/DronesHuesca\/","article_published_time":"2023-02-25T10:31:40+00:00","article_modified_time":"2023-09-24T07:34:00+00:00","og_image":[{"width":1024,"height":576,"url":"https:\/\/huescadrones.es\/hddrones\/wp-content\/uploads\/2023\/02\/Leyes-drones-espana-1024x576.png","type":"image\/png"}],"author":"Alfredo","twitter_card":"summary_large_image","twitter_creator":"@Leoword","twitter_site":"@Leoword","twitter_misc":{"Escrito por":"Alfredo","Tiempo de lectura":"2 minutos"},"schema":{"@context":"https:\/\/schema.org","@graph":[{"@type":"Article","@id":"https:\/\/huescadrones.es\/hddrones\/volar-drones-en-el-espacio-aereo-protegido-espanol\/#article","isPartOf":{"@id":"https:\/\/huescadrones.es\/hddrones\/volar-drones-en-el-espacio-aereo-protegido-espanol\/"},"author":{"name":"Alfredo","@id":"https:\/\/huescadrones.es\/hddrones\/#\/schema\/person\/5237e9e8b60a4f4cb8ae02e7254b1c13"},"headline":"Volar drones en el espacio a\u00e9reo protegido espa\u00f1ol","datePublished":"2023-02-25T10:31:40+00:00","dateModified":"2023-09-24T07:34:00+00:00","mainEntityOfPage":{"@id":"https:\/\/huescadrones.es\/hddrones\/volar-drones-en-el-espacio-aereo-protegido-espanol\/"},"wordCount":396,"publisher":{"@id":"https:\/\/huescadrones.es\/hddrones\/#organization"},"image":{"@id":"https:\/\/huescadrones.es\/hddrones\/volar-drones-en-el-espacio-aereo-protegido-espanol\/#primaryimage"},"thumbnailUrl":"https:\/\/huescadrones.es\/hddrones\/wp-content\/uploads\/2023\/02\/Leyes-drones-espana.png","articleSection":["Noticias"],"inLanguage":"es"},{"@type":"WebPage","@id":"https:\/\/huescadrones.es\/hddrones\/volar-drones-en-el-espacio-aereo-protegido-espanol\/","url":"https:\/\/huescadrones.es\/hddrones\/volar-drones-en-el-espacio-aereo-protegido-espanol\/","name":"Volar drones en el espacio a\u00e9reo protegido espa\u00f1ol * HD Drones","isPartOf":{"@id":"https:\/\/huescadrones.es\/hddrones\/#website"},"primaryImageOfPage":{"@id":"https:\/\/huescadrones.es\/hddrones\/volar-drones-en-el-espacio-aereo-protegido-espanol\/#primaryimage"},"image":{"@id":"https:\/\/huescadrones.es\/hddrones\/volar-drones-en-el-espacio-aereo-protegido-espanol\/#primaryimage"},"thumbnailUrl":"https:\/\/huescadrones.es\/hddrones\/wp-content\/uploads\/2023\/02\/Leyes-drones-espana.png","datePublished":"2023-02-25T10:31:40+00:00","dateModified":"2023-09-24T07:34:00+00:00","description":"Es importante tener en cuenta que estas leyes y regulaciones est\u00e1n en constante evoluci\u00f3n tanto a nivel europeo como espa\u00f1ol.","breadcrumb":{"@id":"https:\/\/huescadrones.es\/hddrones\/volar-drones-en-el-espacio-aereo-protegido-espanol\/#breadcrumb"},"inLanguage":"es","potentialAction":[{"@type":"ReadAction","target":["https:\/\/huescadrones.es\/hddrones\/volar-drones-en-el-espacio-aereo-protegido-espanol\/"]}]},{"@type":"ImageObject","inLanguage":"es","@id":"https:\/\/huescadrones.es\/hddrones\/volar-drones-en-el-espacio-aereo-protegido-espanol\/#primaryimage","url":"https:\/\/huescadrones.es\/hddrones\/wp-content\/uploads\/2023\/02\/Leyes-drones-espana.png","contentUrl":"https:\/\/huescadrones.es\/hddrones\/wp-content\/uploads\/2023\/02\/Leyes-drones-espana.png","width":1920,"height":1080},{"@type":"BreadcrumbList","@id":"https:\/\/huescadrones.es\/hddrones\/volar-drones-en-el-espacio-aereo-protegido-espanol\/#breadcrumb","itemListElement":[{"@type":"ListItem","position":1,"name":"Portada","item":"https:\/\/huescadrones.es\/hddrones\/"},{"@type":"ListItem","position":2,"name":"Volar drones en el espacio a\u00e9reo protegido espa\u00f1ol"}]},{"@type":"WebSite","@id":"https:\/\/huescadrones.es\/hddrones\/#website","url":"https:\/\/huescadrones.es\/hddrones\/","name":"HD Drones","description":"Instructores en Arag\u00f3n, ATO 238","publisher":{"@id":"https:\/\/huescadrones.es\/hddrones\/#organization"},"potentialAction":[{"@type":"SearchAction","target":{"@type":"EntryPoint","urlTemplate":"https:\/\/huescadrones.es\/hddrones\/?s={search_term_string}"},"query-input":{"@type":"PropertyValueSpecification","valueRequired":true,"valueName":"search_term_string"}}],"inLanguage":"es"},{"@type":"Organization","@id":"https:\/\/huescadrones.es\/hddrones\/#organization","name":"HD Drones","url":"https:\/\/huescadrones.es\/hddrones\/","logo":{"@type":"ImageObject","inLanguage":"es","@id":"https:\/\/huescadrones.es\/hddrones\/#\/schema\/logo\/image\/","url":"https:\/\/huescadrones.es\/hddrones\/wp-content\/uploads\/2015\/12\/logovideo.png","contentUrl":"https:\/\/huescadrones.es\/hddrones\/wp-content\/uploads\/2015\/12\/logovideo.png","width":50,"height":50,"caption":"HD Drones"},"image":{"@id":"https:\/\/huescadrones.es\/hddrones\/#\/schema\/logo\/image\/"},"sameAs":["https:\/\/www.facebook.com\/DronesHuesca\/","https:\/\/x.com\/Leoword","https:\/\/www.instagram.com\/alfredoclaver\/","https:\/\/www.linkedin.com\/in\/alfredo-claver-turiegano-a1466128\/","https:\/\/es.pinterest.com\/cuentamelo\/huesca-drones\/","https:\/\/www.youtube.com\/channel\/UCIz564ElJKwd7IigIs3CWhg"]},{"@type":"Person","@id":"https:\/\/huescadrones.es\/hddrones\/#\/schema\/person\/5237e9e8b60a4f4cb8ae02e7254b1c13","name":"Alfredo","image":{"@type":"ImageObject","inLanguage":"es","@id":"https:\/\/secure.gravatar.com\/avatar\/026efd8a211e743ff6f1e07411ad87a9e9955a8131792c4ccd1ce4cfd3f86b3c?s=96&d=mm&r=g","url":"https:\/\/secure.gravatar.com\/avatar\/026efd8a211e743ff6f1e07411ad87a9e9955a8131792c4ccd1ce4cfd3f86b3c?s=96&d=mm&r=g","contentUrl":"https:\/\/secure.gravatar.com\/avatar\/026efd8a211e743ff6f1e07411ad87a9e9955a8131792c4ccd1ce4cfd3f86b3c?s=96&d=mm&r=g","caption":"Alfredo"}}]}},"jetpack_featured_media_url":"https:\/\/huescadrones.es\/hddrones\/wp-content\/uploads\/2023\/02\/Leyes-drones-espana.png","jetpack_sharing_enabled":true,"_links":{"self":[{"href":"https:\/\/huescadrones.es\/hddrones\/wp-json\/wp\/v2\/posts\/5617","targetHints":{"allow":["GET"]}}],"collection":[{"href":"https:\/\/huescadrones.es\/hddrones\/wp-json\/wp\/v2\/posts"}],"about":[{"href":"https:\/\/huescadrones.es\/hddrones\/wp-json\/wp\/v2\/types\/post"}],"author":[{"embeddable":true,"href":"https:\/\/huescadrones.es\/hddrones\/wp-json\/wp\/v2\/users\/3"}],"replies":[{"embeddable":true,"href":"https:\/\/huescadrones.es\/hddrones\/wp-json\/wp\/v2\/comments?post=5617"}],"version-history":[{"count":0,"href":"https:\/\/huescadrones.es\/hddrones\/wp-json\/wp\/v2\/posts\/5617\/revisions"}],"wp:featuredmedia":[{"embeddable":true,"href":"https:\/\/huescadrones.es\/hddrones\/wp-json\/wp\/v2\/media\/5618"}],"wp:attachment":[{"href":"https:\/\/huescadrones.es\/hddrones\/wp-json\/wp\/v2\/media?parent=5617"}],"wp:term":[{"taxonomy":"category","embeddable":true,"href":"https:\/\/huescadrones.es\/hddrones\/wp-json\/wp\/v2\/categories?post=5617"},{"taxonomy":"post_tag","embeddable":true,"href":"https:\/\/huescadrones.es\/hddrones\/wp-json\/wp\/v2\/tags?post=5617"}],"curies":[{"name":"wp","href":"https:\/\/api.w.org\/{rel}","templated":true}]}}